{"id":4466,"date":"2016-03-01T12:37:08","date_gmt":"2016-03-01T12:37:08","guid":{"rendered":"https:\/\/belgianfapa.anmdev.be\/?p=4466"},"modified":"2023-01-19T15:53:31","modified_gmt":"2023-01-19T14:53:31","slug":"wie-is-peto-in-de-paradox-van-peto","status":"publish","type":"post","link":"https:\/\/belgianfapa.be\/fr\/wie-is-peto-in-de-paradox-van-peto\/","title":{"rendered":"Qui est Peto dans le paradoxe de Peto?"},"content":{"rendered":"<p>Le paradoxe de Peto fait suite &agrave; l&rsquo;observation par Richard Peto que le nombre de cancers observ&eacute; chez des esp&egrave;ces animales poss&eacute;dant un grand nombre de cellules, comme la baleine ou l&rsquo;&eacute;l&eacute;phant, est nettement plus faible que chez les humains.<\/p>\n<p>Ceci constitue un paradoxe dans la mesure o&ugrave; l&rsquo;on s&rsquo;attendrait logiquement &agrave; une plus grande probabilit&eacute; de prolif&eacute;ration cellulaire canc&eacute;reuse parmi les esp&egrave;ces comptant davantage de cellules. C&rsquo;est purement math&eacute;matique.<\/p>\n<p>De plus, certaines baleines ont jusqu&rsquo;&agrave; 200 ans et donc, le risque de developper un cancer &agrave; un &acirc;ge plus avanc&eacute; est plus &eacute;lev&eacute;. Pourtant, peu de cas de cancers sont observ&eacute;s chez cette esp&egrave;ce. Les g&eacute;n&eacute;ticiens pensent avoir trouv&eacute; l&rsquo;explication de ce paradoxe et celle-ci pourrait permettre de d&eacute;velopper de nouvelles m&eacute;thodes pour prot&eacute;ger l&rsquo;Homme du cancer : ils ont observ&eacute; la pr&eacute;sence chez l&rsquo;&eacute;l&eacute;phant de 20 all&egrave;les (paires de g&egrave;nes) d&rsquo;un g&egrave;ne important qui oppresse le cancer alors que l&rsquo;humain n&rsquo;en compte que quelques-uns.<\/p>\n<p>R&eacute;cemment, le Dr Joshua Schiffman, oncop&eacute;diatre &agrave; l&rsquo;universit&eacute; de l&rsquo;Utah, a r&eacute;alis&eacute; une &eacute;tude apr&egrave;s avoir assist&eacute; &agrave; une conf&eacute;rence sur le paradoxe de Peto. L&rsquo;&eacute;tude de l&rsquo;&eacute;quipe du Dr Schiffman a &eacute;t&eacute; publi&eacute;e dans JAMA (Journal of the American Medical Association)<\/p>\n<p>Lire plus?&nbsp;<a href=\"https:\/\/www.biorxiv.org\/content\/early\/2016\/09\/06\/028522\" target=\"_blank\" rel=\"noopener noreferrer\">biorxiv.org<\/a>.<\/p>\n","protected":false},"excerpt":{"rendered":"<p>Le paradoxe de Peto fait suite \u00e0 l\u2019observation par Richard Peto que le nombre de cancers observ\u00e9 chez des esp\u00e8ces animales poss\u00e9dant un grand nombre de cellules, comme la baleine ou l\u2019\u00e9l\u00e9phant, est nettement plus faible que chez les humains&#8230;.<\/p>\n","protected":false},"author":39,"featured_media":0,"comment_status":"closed","ping_status":"closed","sticky":false,"template":"","format":"standard","meta":{"_acf_changed":false,"kk_blocks_editor_width":"","_kiokenblocks_attr":"","_kiokenblocks_dimensions":"","footnotes":""},"categories":[6],"tags":[102,123,141,112],"class_list":["post-4466","post","type-post","status-publish","format-standard","hentry","category-actualite","tag-cancer","tag-genetique","tag-recherche","tag-sante"],"acf":[],"_links":{"self":[{"href":"https:\/\/belgianfapa.be\/fr\/wp-json\/wp\/v2\/posts\/4466","targetHints":{"allow":["GET"]}}],"collection":[{"href":"https:\/\/belgianfapa.be\/fr\/wp-json\/wp\/v2\/posts"}],"about":[{"href":"https:\/\/belgianfapa.be\/fr\/wp-json\/wp\/v2\/types\/post"}],"author":[{"embeddable":true,"href":"https:\/\/belgianfapa.be\/fr\/wp-json\/wp\/v2\/users\/39"}],"replies":[{"embeddable":true,"href":"https:\/\/belgianfapa.be\/fr\/wp-json\/wp\/v2\/comments?post=4466"}],"version-history":[{"count":7,"href":"https:\/\/belgianfapa.be\/fr\/wp-json\/wp\/v2\/posts\/4466\/revisions"}],"predecessor-version":[{"id":89254,"href":"https:\/\/belgianfapa.be\/fr\/wp-json\/wp\/v2\/posts\/4466\/revisions\/89254"}],"wp:attachment":[{"href":"https:\/\/belgianfapa.be\/fr\/wp-json\/wp\/v2\/media?parent=4466"}],"wp:term":[{"taxonomy":"category","embeddable":true,"href":"https:\/\/belgianfapa.be\/fr\/wp-json\/wp\/v2\/categories?post=4466"},{"taxonomy":"post_tag","embeddable":true,"href":"https:\/\/belgianfapa.be\/fr\/wp-json\/wp\/v2\/tags?post=4466"}],"curies":[{"name":"wp","href":"https:\/\/api.w.org\/{rel}","templated":true}]}}