{"id":4544,"date":"2017-10-17T08:03:04","date_gmt":"2017-10-17T08:03:04","guid":{"rendered":"https:\/\/belgianfapa.anmdev.be\/?p=4544"},"modified":"2019-04-08T15:17:34","modified_gmt":"2019-04-08T13:17:34","slug":"tous-les-cancers-peuvent-ils-etre-traites","status":"publish","type":"post","link":"https:\/\/belgianfapa.be\/fr\/tous-les-cancers-peuvent-ils-etre-traites\/","title":{"rendered":"Tous les cancers peuvent-ils \u00eatre trait\u00e9s ?"},"content":{"rendered":"<p>Le 21 octobre 2017, un congr&egrave;s &eacute;tait organis&eacute; &agrave; Gand sous le th&egrave;me&nbsp;: &laquo;&nbsp;de la recherche &agrave; l&rsquo;espoir&nbsp;&raquo;. Le congr&egrave;s r&eacute;unissait toutes les personnes concern&eacute;es et a donn&eacute; un aper&ccedil;u des derni&egrave;res tendances et perc&eacute;es dans la recherche et le traitement du cancer. Les orateurs avaient abandonn&eacute; leur jargon et ont tout expliqu&eacute; en des termes accessibles au public, que ce soit les patients, membres de la famille, les &eacute;tudiants ou les sympathisants.<\/p>\n","protected":false},"excerpt":{"rendered":"<p>Le 21 octobre 2017, un congr\u00e8s \u00e9tait organis\u00e9 \u00e0 Gand sous le th\u00e8me\u00a0: \u00ab\u00a0de la recherche \u00e0 l\u2019espoir\u00a0\u00bb. Le congr\u00e8s r\u00e9unissait toutes les personnes concern\u00e9es et a donn\u00e9 un aper\u00e7u des derni\u00e8res tendances et perc\u00e9es dans la recherche et le&#8230;<\/p>\n","protected":false},"author":39,"featured_media":5361,"comment_status":"closed","ping_status":"closed","sticky":false,"template":"","format":"standard","meta":{"_acf_changed":false,"kk_blocks_editor_width":"","_kiokenblocks_attr":"","_kiokenblocks_dimensions":"","footnotes":""},"categories":[6],"tags":[102,134,141,112],"class_list":["post-4544","post","type-post","status-publish","format-standard","has-post-thumbnail","hentry","category-actualite","tag-cancer","tag-evenement","tag-recherche","tag-sante"],"acf":[],"_links":{"self":[{"href":"https:\/\/belgianfapa.be\/fr\/wp-json\/wp\/v2\/posts\/4544","targetHints":{"allow":["GET"]}}],"collection":[{"href":"https:\/\/belgianfapa.be\/fr\/wp-json\/wp\/v2\/posts"}],"about":[{"href":"https:\/\/belgianfapa.be\/fr\/wp-json\/wp\/v2\/types\/post"}],"author":[{"embeddable":true,"href":"https:\/\/belgianfapa.be\/fr\/wp-json\/wp\/v2\/users\/39"}],"replies":[{"embeddable":true,"href":"https:\/\/belgianfapa.be\/fr\/wp-json\/wp\/v2\/comments?post=4544"}],"version-history":[{"count":5,"href":"https:\/\/belgianfapa.be\/fr\/wp-json\/wp\/v2\/posts\/4544\/revisions"}],"predecessor-version":[{"id":7686,"href":"https:\/\/belgianfapa.be\/fr\/wp-json\/wp\/v2\/posts\/4544\/revisions\/7686"}],"wp:featuredmedia":[{"embeddable":true,"href":"https:\/\/belgianfapa.be\/fr\/wp-json\/wp\/v2\/media\/5361"}],"wp:attachment":[{"href":"https:\/\/belgianfapa.be\/fr\/wp-json\/wp\/v2\/media?parent=4544"}],"wp:term":[{"taxonomy":"category","embeddable":true,"href":"https:\/\/belgianfapa.be\/fr\/wp-json\/wp\/v2\/categories?post=4544"},{"taxonomy":"post_tag","embeddable":true,"href":"https:\/\/belgianfapa.be\/fr\/wp-json\/wp\/v2\/tags?post=4544"}],"curies":[{"name":"wp","href":"https:\/\/api.w.org\/{rel}","templated":true}]}}