{"id":8269,"date":"2018-08-10T14:57:56","date_gmt":"2018-08-10T14:57:56","guid":{"rendered":"https:\/\/belgianfapa.anmdev.be\/?p=8269"},"modified":"2019-04-08T10:58:06","modified_gmt":"2019-04-08T08:58:06","slug":"le-rapport-annuel-2017","status":"publish","type":"post","link":"https:\/\/belgianfapa.be\/fr\/le-rapport-annuel-2017\/","title":{"rendered":"Le rapport annuel 2017"},"content":{"rendered":"<div class=\"field field-type-text field-field-news-intro\">\n<div class=\"field-items\">\n<div class=\"field-item odd\">Le rapport des activit&eacute;s de l&rsquo;asbl FAPA pour l&rsquo;ann&eacute;e 2017 est d&egrave;s &agrave; pr&eacute;sent t&eacute;l&eacute;chargeable.<\/div>\n<div><div class=\"w3eden\"><!-- WPDM Link Template: Call to Action 3 -->\n\n<div class=\"well c2a3\">\n    <div class=\"media\">\n        <div class=\"mr-3\" align=\"left\">\n            <img decoding=\"async\" class=\"wpdm_icon\" alt=\"Ic&ocirc;ne\" src=\"https:\/\/belgianfapa.be\/wp-content\/plugins\/download-manager\/assets\/file-type-icons\/pdf.svg\">\n        <\/div>\n        <div class=\"media-body\">\n            <h3 class=\"media-heading\" style=\"padding-top: 0px;border:0px;margin: 0 0 5px 0;font-size:12pt;\">\n                <a style=\"font-weight: 700\" href=\"https:\/\/belgianfapa.be\/fr\/wpdmpro\/rapport-annuel-2017\/\">Rapport annuel 2017<\/a>\n                <span style=\"font-size:8pt;font-weight:300\" class=\"text-muted ml-4\">\n                    <i class=\"fas fa-hdd mr-1\"><\/i> 1.32 MB\n                    <i class=\"ml-3 far fa-arrow-alt-circle-down mr-1\"><\/i> 5219 downloads\n                <\/span>\n            <\/h3>\n            ...\n        <\/div>\n        <div class=\"ml-3\" align=\"right\">\n            <a class=\"wpdm-download-link download-on-click btn btn-primary \" rel=\"nofollow\" href=\"#\" data-downloadurl=\"https:\/\/belgianfapa.be\/fr\/wpdmpro\/rapport-annuel-2017\/?wpdmdl=8272&amp;refresh=69ee532945bee1777226537\">T&eacute;l&eacute;charger<\/a>\n        <\/div>\n    <\/div>\n\n<\/div>\n<style>\n    .well.c2a3 .btn {\n        padding: 11px 30px;\n        font-size: 11pt;\n    }\n\n    .well.c2a3 .media-body {\n        font-size: 11pt;\n    }\n\n    .well.c2a3 .wpdm_icon {\n        height: 42px;\n        width: auto;\n    }<\/style>\n<\/div><\/div>\n<div><\/div>\n<\/div>\n<\/div>\n<p>&nbsp;<\/p>\n","protected":false},"excerpt":{"rendered":"<p>Celui-ci vous donnera un bon aper\u00e7u des activit\u00e9s, des contacts pris avec les institutions hospitali\u00e8res et les patients.<\/p>\n","protected":false},"author":39,"featured_media":8314,"comment_status":"closed","ping_status":"closed","sticky":false,"template":"","format":"standard","meta":{"_acf_changed":false,"kk_blocks_editor_width":"","_kiokenblocks_attr":"","_kiokenblocks_dimensions":"","footnotes":""},"categories":[6],"tags":[120,119],"class_list":["post-8269","post","type-post","status-publish","format-standard","has-post-thumbnail","hentry","category-actualite","tag-fapa","tag-rapport-annuel"],"acf":[],"_links":{"self":[{"href":"https:\/\/belgianfapa.be\/fr\/wp-json\/wp\/v2\/posts\/8269","targetHints":{"allow":["GET"]}}],"collection":[{"href":"https:\/\/belgianfapa.be\/fr\/wp-json\/wp\/v2\/posts"}],"about":[{"href":"https:\/\/belgianfapa.be\/fr\/wp-json\/wp\/v2\/types\/post"}],"author":[{"embeddable":true,"href":"https:\/\/belgianfapa.be\/fr\/wp-json\/wp\/v2\/users\/39"}],"replies":[{"embeddable":true,"href":"https:\/\/belgianfapa.be\/fr\/wp-json\/wp\/v2\/comments?post=8269"}],"version-history":[{"count":4,"href":"https:\/\/belgianfapa.be\/fr\/wp-json\/wp\/v2\/posts\/8269\/revisions"}],"predecessor-version":[{"id":89245,"href":"https:\/\/belgianfapa.be\/fr\/wp-json\/wp\/v2\/posts\/8269\/revisions\/89245"}],"wp:featuredmedia":[{"embeddable":true,"href":"https:\/\/belgianfapa.be\/fr\/wp-json\/wp\/v2\/media\/8314"}],"wp:attachment":[{"href":"https:\/\/belgianfapa.be\/fr\/wp-json\/wp\/v2\/media?parent=8269"}],"wp:term":[{"taxonomy":"category","embeddable":true,"href":"https:\/\/belgianfapa.be\/fr\/wp-json\/wp\/v2\/categories?post=8269"},{"taxonomy":"post_tag","embeddable":true,"href":"https:\/\/belgianfapa.be\/fr\/wp-json\/wp\/v2\/tags?post=8269"}],"curies":[{"name":"wp","href":"https:\/\/api.w.org\/{rel}","templated":true}]}}