{"id":90007,"date":"2020-02-19T14:58:44","date_gmt":"2020-02-19T13:58:44","guid":{"rendered":"https:\/\/belgianfapa.be\/?p=90007"},"modified":"2020-03-06T15:48:59","modified_gmt":"2020-03-06T14:48:59","slug":"contribuez-au-nouveau-plan-europeen-de-lutte-contre-le-cancer","status":"publish","type":"post","link":"https:\/\/belgianfapa.be\/fr\/contribuez-au-nouveau-plan-europeen-de-lutte-contre-le-cancer\/","title":{"rendered":"Un nouveau plan europ\u00e9en de lutte contre le cancer."},"content":{"rendered":"\n<p>Le 4 f&eacute;vrier dernier, avait lieu la 20<sup>e<\/sup> &eacute;dition de la journ&eacute;e mondiale contre le cancer. A cette occasion, nous &eacute;tions pr&eacute;sents &agrave; la commission europ&eacute;enne pour le lancement officiel d&rsquo;une campagne de consultation publique pour le nouveau plan europ&eacute;en de lutte contre le cancer.<\/p>\n<p>Chaque ann&eacute;e 3.5 millions de personnes re&ccedil;oivent le fameux diagnostic, et pourtant 40% de ceux-ci sont &eacute;vitables. Si cette tendance n&rsquo;est pas invers&eacute;e dans les prochaines ann&eacute;es, le cancer pourrait devenir la premi&egrave;re cause de mortalit&eacute; sur les territoires de l&rsquo;union europ&eacute;enne ; et c&rsquo;est dans cette optique que ce plan europ&eacute;en a &eacute;t&eacute; lanc&eacute;.<\/p>\n<p>Jusqu&rsquo;&agrave; maintenant la majorit&eacute; des efforts pour lutter contre le cancer &eacute;tait concentr&eacute;e sur le traitement, mais aujourd&rsquo;hui ceux-ci s&rsquo;ouvrent &agrave; l&rsquo;int&eacute;gralit&eacute; du cycle tel que v&eacute;cu par le patient. Ce plan a donc pour objectif d&rsquo;&eacute;tendre le champ d&rsquo;action &agrave; des aspects comme la pr&eacute;vention, le diagnostic pr&eacute;coce, le traitement et la qualit&eacute; des soins, mais aussi les aspects sociaux comme la qualit&eacute; de vie des patients et des survivants, ainsi que les aidants proches.<\/p>\n<p>Il s&rsquo;agit donc d&rsquo;un plan tr&egrave;s centr&eacute; sur le citoyen et son exp&eacute;rience, et b&eacute;n&eacute;ficiera de notre contribution particuli&egrave;rement en ce qui concerne des maladies rares comme FAP et le syndrome de Lynch. La consultation publique est ouverte jusqu&rsquo;au 7 mai 2020. Elle est ouverte aux patients, proches, aux professionnels de la sant&eacute;, et &agrave; l&rsquo;ensemble des organisations concern&eacute;es par la pr&eacute;vention, le diagnostic, le traitement et le suivi social, la recherche. Elle se fait gr&acirc;ce &agrave; un questionnaire que vous pourrez trouver en cliquant <a href=\"https:\/\/ec.europa.eu\/info\/law\/better-regulation\/initiatives\/ares-2020-693786\/public-consultation_fr\" target=\"_blank\" rel=\"noopener noreferrer\">ici<\/a>.<\/p>\n","protected":false},"excerpt":{"rendered":"<p>Le 4 f\u00e9vrier dernier, avait lieu la 20e \u00e9dition de la journ\u00e9e mondiale contre le cancer. A cette occasion, nous \u00e9tions pr\u00e9sents \u00e0 la commission europ\u00e9enne pour le lancement officiel d\u2019une campagne de consultation publique pour le nouveau plan europ\u00e9en&#8230;<\/p>\n","protected":false},"author":39,"featured_media":90017,"comment_status":"closed","ping_status":"closed","sticky":true,"template":"","format":"standard","meta":{"_acf_changed":false,"kk_blocks_editor_width":"","_kiokenblocks_attr":"","_kiokenblocks_dimensions":"","footnotes":""},"categories":[6],"tags":[102,152],"class_list":["post-90007","post","type-post","status-publish","format-standard","has-post-thumbnail","hentry","category-actualite","tag-cancer","tag-enquete"],"acf":[],"_links":{"self":[{"href":"https:\/\/belgianfapa.be\/fr\/wp-json\/wp\/v2\/posts\/90007","targetHints":{"allow":["GET"]}}],"collection":[{"href":"https:\/\/belgianfapa.be\/fr\/wp-json\/wp\/v2\/posts"}],"about":[{"href":"https:\/\/belgianfapa.be\/fr\/wp-json\/wp\/v2\/types\/post"}],"author":[{"embeddable":true,"href":"https:\/\/belgianfapa.be\/fr\/wp-json\/wp\/v2\/users\/39"}],"replies":[{"embeddable":true,"href":"https:\/\/belgianfapa.be\/fr\/wp-json\/wp\/v2\/comments?post=90007"}],"version-history":[{"count":8,"href":"https:\/\/belgianfapa.be\/fr\/wp-json\/wp\/v2\/posts\/90007\/revisions"}],"predecessor-version":[{"id":90114,"href":"https:\/\/belgianfapa.be\/fr\/wp-json\/wp\/v2\/posts\/90007\/revisions\/90114"}],"wp:featuredmedia":[{"embeddable":true,"href":"https:\/\/belgianfapa.be\/fr\/wp-json\/wp\/v2\/media\/90017"}],"wp:attachment":[{"href":"https:\/\/belgianfapa.be\/fr\/wp-json\/wp\/v2\/media?parent=90007"}],"wp:term":[{"taxonomy":"category","embeddable":true,"href":"https:\/\/belgianfapa.be\/fr\/wp-json\/wp\/v2\/categories?post=90007"},{"taxonomy":"post_tag","embeddable":true,"href":"https:\/\/belgianfapa.be\/fr\/wp-json\/wp\/v2\/tags?post=90007"}],"curies":[{"name":"wp","href":"https:\/\/api.w.org\/{rel}","templated":true}]}}