{"id":92359,"date":"2021-05-05T14:22:19","date_gmt":"2021-05-05T12:22:19","guid":{"rendered":"https:\/\/belgianfapa.be\/?p=92359"},"modified":"2023-03-22T09:52:54","modified_gmt":"2023-03-22T08:52:54","slug":"steffi-est-de-retour","status":"publish","type":"post","link":"https:\/\/belgianfapa.be\/fr\/steffi-est-de-retour\/","title":{"rendered":"Steffi est de retour"},"content":{"rendered":"\n<p>Dans le cadre de notre projet AYA (Adolescents and Young adults), nous permettons &agrave; nos jeunes patients de partager leur exp&eacute;rience au quotidien grace &agrave; des &laquo;&nbsp;vlogs&nbsp;&raquo;. Le mois dernier, vous avez fait la connaissance de Steffi. Eh bien, elle de retour. voici la suite de ses aventures :&nbsp;<\/p>\n<p><iframe loading=\"lazy\" src=\"\/\/player.vimeo.com\/video\/530689642?title=0&amp;byline=0&amp;portrait=0&amp;color=8dc7dc\" width=\"425\" height=\"350\" allowfullscreen=\"allowfullscreen\"><\/iframe><\/p>\n","protected":false},"excerpt":{"rendered":"<p>Dans le cadre de notre projet AYA (Adolescents and Young adults), nous permettons \u00e0 nos jeunes patients de partager leur exp\u00e9rience au quotidien grace \u00e0 des \u00ab\u00a0vlogs\u00a0\u00bb. Le mois dernier, vous avez fait la connaissance de Steffi. Eh bien, elle&#8230;<\/p>\n","protected":false},"author":39,"featured_media":93879,"comment_status":"open","ping_status":"closed","sticky":false,"template":"","format":"standard","meta":{"_acf_changed":false,"kk_blocks_editor_width":"","_kiokenblocks_attr":"","_kiokenblocks_dimensions":"","footnotes":""},"categories":[6,171],"tags":[],"class_list":["post-92359","post","type-post","status-publish","format-standard","has-post-thumbnail","hentry","category-actualite","category-jeunes"],"acf":[],"_links":{"self":[{"href":"https:\/\/belgianfapa.be\/fr\/wp-json\/wp\/v2\/posts\/92359","targetHints":{"allow":["GET"]}}],"collection":[{"href":"https:\/\/belgianfapa.be\/fr\/wp-json\/wp\/v2\/posts"}],"about":[{"href":"https:\/\/belgianfapa.be\/fr\/wp-json\/wp\/v2\/types\/post"}],"author":[{"embeddable":true,"href":"https:\/\/belgianfapa.be\/fr\/wp-json\/wp\/v2\/users\/39"}],"replies":[{"embeddable":true,"href":"https:\/\/belgianfapa.be\/fr\/wp-json\/wp\/v2\/comments?post=92359"}],"version-history":[{"count":4,"href":"https:\/\/belgianfapa.be\/fr\/wp-json\/wp\/v2\/posts\/92359\/revisions"}],"predecessor-version":[{"id":93881,"href":"https:\/\/belgianfapa.be\/fr\/wp-json\/wp\/v2\/posts\/92359\/revisions\/93881"}],"wp:featuredmedia":[{"embeddable":true,"href":"https:\/\/belgianfapa.be\/fr\/wp-json\/wp\/v2\/media\/93879"}],"wp:attachment":[{"href":"https:\/\/belgianfapa.be\/fr\/wp-json\/wp\/v2\/media?parent=92359"}],"wp:term":[{"taxonomy":"category","embeddable":true,"href":"https:\/\/belgianfapa.be\/fr\/wp-json\/wp\/v2\/categories?post=92359"},{"taxonomy":"post_tag","embeddable":true,"href":"https:\/\/belgianfapa.be\/fr\/wp-json\/wp\/v2\/tags?post=92359"}],"curies":[{"name":"wp","href":"https:\/\/api.w.org\/{rel}","templated":true}]}}