{"id":94378,"date":"2023-11-23T11:18:28","date_gmt":"2023-11-23T10:18:28","guid":{"rendered":"https:\/\/belgianfapa.be\/?p=94378"},"modified":"2023-11-29T15:35:29","modified_gmt":"2023-11-29T14:35:29","slug":"information-pour-les-medecins-generalistes","status":"publish","type":"post","link":"https:\/\/belgianfapa.be\/fr\/information-pour-les-medecins-generalistes\/","title":{"rendered":"Information pour les m\u00e9d\u00e9cins g\u00e9n\u00e9ralistes"},"content":{"rendered":"<p>Dans le cadre d&rsquo;un projet de diagnostic rapide des cancers rares, six associations de patients cr&eacute;ent ensemble un podcast. La SSMG apporte un soutien au projet de ces associations et r&eacute;alise un parcours de formation consacr&eacute; aux maladies rares et destin&eacute; aux m&eacute;decins g&eacute;n&eacute;ralistes<\/p>\n<p>Ensemble, ils pr&eacute;conisent de mettre l&rsquo;accent sur les &laquo;&nbsp;signaux d&rsquo;alarme&nbsp;&raquo; qui peuvent indiquer la pr&eacute;sence d&rsquo;un cancer rare. Il s&rsquo;agit plus pr&eacute;cis&eacute;ment de sympt&ocirc;mes tels que douleurs, vertiges, maux de t&ecirc;te, fatigue, <a href=\"https:\/\/belgianfapa.be\/fr\/lexicon\/diarrhee\/\" target=\"_self\" title=\"Ce sont des selles fines, liquides, parfois visqueuses, qui accompagnent souvent un&nbsp; besoin urgent d'aller aux toilettes. Elles sont donc plus fines que la normale, et aussi plus courantes : 3 fois par jour ou plus. Le volume est &eacute;galement plus &eacute;lev&eacute; : 200ml de plus que la normale en 24h.\" class=\"encyclopedia\">diarrh&eacute;e<\/a>, bouff&eacute;es vasomotrices, mais aussi, par exemple, de troubles de la m&eacute;moire, du langage, de la pens&eacute;e ou du jugement<span style=\"font-size: 8pt;\"><sup>1<\/sup><\/span>. En g&eacute;n&eacute;ral, ces plaintes sont r&eacute;solues par un soulagement des sympt&ocirc;mes, mais chez une minorit&eacute; de patients, ces sympt&ocirc;mes renvoient &agrave; une affection grave. Le m&eacute;decin g&eacute;n&eacute;raliste, gr&acirc;ce &agrave; une bonne connaissance des ant&eacute;c&eacute;dents m&eacute;dicaux du patient, dispose d&rsquo;une excellente perspective pour traiter ces plaintes.<\/p>\n<p>&nbsp;<\/p>\n<p>Ce projet se r&eacute;alise gr&acirc;ce au Fonds des maladies rares de la Fondation Roi Baudouin.<\/p>\n<p>Bient&ocirc;t vous trouverez ici le podcast sur ce sujet avec les contributions de <strong>Carine Morin<\/strong> (mod&eacute;ratrice), <strong>Dr Quentin Mary<\/strong> (pr&eacute;sident SSMG), <strong>Marc Thijssen<\/strong> (patient) et <strong>Prof. Karin Dahan<\/strong> (IPG).<\/p>\n<p><span style=\"font-size: 8pt;\">Cover photo by&nbsp;<a href=\"https:\/\/unsplash.com\/ja\/@cdc?utm_source=unsplash&amp;utm_medium=referral&amp;utm_content=creditCopyText\">CDC<\/a>&nbsp;on&nbsp;<a href=\"https:\/\/unsplash.com\/s\/photos\/general-practitioner?utm_source=unsplash&amp;utm_medium=referral&amp;utm_content=creditCopyText\">Unsplash<\/a><\/span><\/p>\n<p><span style=\"font-size: 10pt;\"><span style=\"font-size: 8pt;\"><sup>1<\/sup> <\/span>Ramanayake, R. P. J. C., and B. M. T. K. Basnayake. &lsquo;Evaluation of Red Flags Minimizes Missing Serious Diseases in Primary Care&rsquo;.&nbsp;<\/span><i style=\"font-size: 10pt;\">Journal of Family Medicine and Primary Care<\/i><span style=\"font-size: 10pt;\">&nbsp;7, no. 2 (2018): 315&ndash;18.&nbsp;<\/span><a style=\"font-size: 10pt; background-color: #ffffff;\" href=\"https:\/\/doi.org\/10.4103\/jfmpc.jfmpc_510_15\">https:\/\/doi.org\/10.4103\/jfmpc.jfmpc_510_15<\/a><span style=\"font-size: 10pt;\">.<\/span><\/p>\n<p><strong>Les partenaires:<\/strong><\/p>\n<div>\n<table style=\"border-collapse: collapse; width: 100%; height: 70px;\">\n<tbody>\n<tr style=\"height: 35px;\">\n<td style=\"width: 33.3333%; height: 35px;\"><a href=\"https:\/\/www.radiorg.be\/nl\/\">www.radiorg.be<\/a><\/td>\n<td style=\"width: 33.3333%; height: 35px;\"><a href=\"https:\/\/www.net-men-kanker.be\/\">www.net-men-kanker.be<\/a><\/td>\n<td style=\"width: 33.3333%; height: 35px;\"><a href=\"http:\/\/www.wg-hersentumoren.be\/site_nl\/home.php\">www.wg-hersentumoren.be<\/a><\/td>\n<\/tr>\n<tr style=\"height: 35px;\">\n<td style=\"width: 33.3333%; height: 35px;\"><a href=\"https:\/\/hodgkinvzw.be\/\">www.hodgkinvzw.be<\/a><\/td>\n<td style=\"width: 33.3333%; height: 35px;\"><a href=\"https:\/\/www.borstkankerman.be\/\">www.borstkankerman.be<\/a><\/td>\n<td style=\"width: 33.3333%; height: 35px;\"><a href=\"https:\/\/www.gyncas.be\/\">www.gyncas.be<\/a><\/td>\n<\/tr>\n<\/tbody>\n<\/table>\n<p><strong>Les fonctions maladies rares en Belgique Fr<\/strong><\/p>\n<table style=\"border-collapse: collapse; width: 100%;\">\n<tbody>\n<tr>\n<td style=\"width: 33.3333%;\">CU Saint-Luc Bruxelles<\/td>\n<td style=\"width: 33.3333%;\"><a href=\"mailto:maladies.rares-saintluc@uclouvain.be\">maladies.rares-saintluc@uclouvain.be<\/a><\/td>\n<td style=\"width: 33.3333%;\">02 764 67 74<\/td>\n<\/tr>\n<tr>\n<td style=\"width: 33.3333%;\">ULG de Li&egrave;ge<\/td>\n<td style=\"width: 33.3333%;\"><a href=\"mailto:maladierare@chuliege.be\">maladierare@chuliege.be<\/a><\/td>\n<td style=\"width: 33.3333%;\">04\/323 36 40<\/td>\n<\/tr>\n<tr>\n<td style=\"width: 33.3333%;\">ULB Erasme Bruxelles<\/td>\n<td style=\"width: 33.3333%;\"><\/td>\n<td style=\"width: 33.3333%;\">02 555 67 33<\/td>\n<\/tr>\n<tr>\n<td style=\"width: 33.3333%;\">Grand H&ouml;pital de Charleroi \/IPG Gosselies<\/td>\n<td style=\"width: 33.3333%;\"><a href=\"mailto:camille.rouyer@ipg.be\">camille.rouyer@ipg.be<\/a><\/td>\n<td style=\"width: 33.3333%;\">071\/911 250<\/td>\n<\/tr>\n<\/tbody>\n<\/table>\n<\/div>\n","protected":false},"excerpt":{"rendered":"<p>Dans le cadre d&rsquo;un projet de diagnostic rapide des cancers rares, six associations de patients cr\u00e9ent ensemble un podcast. La SSMG apporte un soutien au projet de ces associations et r\u00e9alise un parcours de formation consacr\u00e9 aux maladies rares et&#8230;<\/p>\n","protected":false},"author":39,"featured_media":94069,"comment_status":"closed","ping_status":"closed","sticky":false,"template":"","format":"standard","meta":{"_acf_changed":false,"kk_blocks_editor_width":"","_kiokenblocks_attr":"","_kiokenblocks_dimensions":"","footnotes":""},"categories":[17,413],"tags":[],"class_list":["post-94378","post","type-post","status-publish","format-standard","has-post-thumbnail","hentry","category-professionnels","category-professionnels-actualite"],"acf":[],"_links":{"self":[{"href":"https:\/\/belgianfapa.be\/fr\/wp-json\/wp\/v2\/posts\/94378","targetHints":{"allow":["GET"]}}],"collection":[{"href":"https:\/\/belgianfapa.be\/fr\/wp-json\/wp\/v2\/posts"}],"about":[{"href":"https:\/\/belgianfapa.be\/fr\/wp-json\/wp\/v2\/types\/post"}],"author":[{"embeddable":true,"href":"https:\/\/belgianfapa.be\/fr\/wp-json\/wp\/v2\/users\/39"}],"replies":[{"embeddable":true,"href":"https:\/\/belgianfapa.be\/fr\/wp-json\/wp\/v2\/comments?post=94378"}],"version-history":[{"count":5,"href":"https:\/\/belgianfapa.be\/fr\/wp-json\/wp\/v2\/posts\/94378\/revisions"}],"predecessor-version":[{"id":94407,"href":"https:\/\/belgianfapa.be\/fr\/wp-json\/wp\/v2\/posts\/94378\/revisions\/94407"}],"wp:featuredmedia":[{"embeddable":true,"href":"https:\/\/belgianfapa.be\/fr\/wp-json\/wp\/v2\/media\/94069"}],"wp:attachment":[{"href":"https:\/\/belgianfapa.be\/fr\/wp-json\/wp\/v2\/media?parent=94378"}],"wp:term":[{"taxonomy":"category","embeddable":true,"href":"https:\/\/belgianfapa.be\/fr\/wp-json\/wp\/v2\/categories?post=94378"},{"taxonomy":"post_tag","embeddable":true,"href":"https:\/\/belgianfapa.be\/fr\/wp-json\/wp\/v2\/tags?post=94378"}],"curies":[{"name":"wp","href":"https:\/\/api.w.org\/{rel}","templated":true}]}}